{"id":3295,"date":"2021-06-18T16:28:32","date_gmt":"2021-06-18T14:28:32","guid":{"rendered":"https:\/\/laducasse.fr\/?p=3295"},"modified":"2021-06-18T16:28:32","modified_gmt":"2021-06-18T14:28:32","slug":"actualite-1","status":"publish","type":"post","link":"https:\/\/laducasse.fr\/actualite-1\/","title":{"rendered":"EL BRADERIE D&rsquo;LA DUCASSE"},"content":{"rendered":"<style>.elementor-3295 .elementor-element.elementor-element-953ca9e{text-align:start;}.elementor-3295 .elementor-element.elementor-element-953ca9e .elementor-heading-title{font-family:\"Zilla Slab\", Sans-serif;font-size:25px;font-weight:bold;line-height:1.1em;color:#78100E;}.elementor-3295 .elementor-element.elementor-element-a8f5378{font-family:\"Zilla Slab\", Sans-serif;font-size:15px;font-weight:500;color:#78100E;}.elementor-3295 .elementor-element.elementor-element-a8f5378 > .elementor-widget-container{padding:0px 0px 0px 15px;border-style:dashed;border-width:0px 0px 0px 1px;border-color:#78100E;}.elementor-3295 .elementor-element.elementor-element-0241d39 .elementor-button{font-family:\"Zilla Slab\", Sans-serif;font-size:15px;font-weight:500;fill:#78100E;color:#78100E;background-color:#FFFFFF;border-style:solid;border-width:2px 2px 2px 2px;border-color:#78100E;border-radius:50px 50px 50px 50px;}.elementor-3295 .elementor-element.elementor-element-0241d39 .elementor-button:hover, .elementor-3295 .elementor-element.elementor-element-0241d39 .elementor-button:focus{color:#FFFFFF;background-color:#78100E;border-color:#78100E;}.elementor-3295 .elementor-element.elementor-element-0241d39 .elementor-button:hover svg, .elementor-3295 .elementor-element.elementor-element-0241d39 .elementor-button:focus svg{fill:#FFFFFF;}<\/style>\t\t<div data-elementor-type=\"wp-post\" data-elementor-id=\"3295\" class=\"elementor elementor-3295\" data-elementor-settings=\"{&quot;ha_cmc_init_switcher&quot;:&quot;no&quot;}\" data-elementor-post-type=\"post\">\n\t\t\t\t\t\t<section class=\"elementor-section elementor-top-section elementor-element elementor-element-3138e7b elementor-section-boxed elementor-section-height-default elementor-section-height-default exad-glass-effect-no wpr-particle-no wpr-jarallax-no wpr-parallax-no wpr-sticky-section-no jltma-glass-effect-no exad-sticky-section-no\" data-id=\"3138e7b\" data-element_type=\"section\" data-e-type=\"section\" data-settings=\"{&quot;_ha_eqh_enable&quot;:false}\">\n\t\t\t\t\t\t<div class=\"elementor-container elementor-column-gap-default\">\n\t\t\t\t\t<div class=\"elementor-column elementor-col-100 elementor-top-column elementor-element elementor-element-acb3794 exad-glass-effect-no jltma-glass-effect-no exad-sticky-section-no\" data-id=\"acb3794\" data-element_type=\"column\" data-e-type=\"column\">\n\t\t\t<div class=\"elementor-widget-wrap elementor-element-populated\">\n\t\t\t\t\t\t<div class=\"elementor-element elementor-element-953ca9e animated-slow jltma-glass-effect-no exad-sticky-section-no exad-glass-effect-no elementor-widget elementor-widget-heading\" data-id=\"953ca9e\" data-element_type=\"widget\" data-e-type=\"widget\" data-settings=\"{&quot;_animation&quot;:&quot;none&quot;}\" data-widget_type=\"heading.default\">\n\t\t\t\t<div class=\"elementor-widget-container\">\n\t\t\t\t\t<h2 class=\"elementor-heading-title elementor-size-default\">El braderie d'La Ducasse !<\/h2>\t\t\t\t<\/div>\n\t\t\t\t<\/div>\n\t\t\t\t<div class=\"elementor-element elementor-element-a8f5378 jltma-glass-effect-no exad-sticky-section-no exad-glass-effect-no elementor-widget elementor-widget-text-editor\" data-id=\"a8f5378\" data-element_type=\"widget\" data-e-type=\"widget\" data-widget_type=\"text-editor.default\">\n\t\t\t\t<div class=\"elementor-widget-container\">\n\t\t\t\t\t\t\t\t\t<p>Bonjour \u00e0 tous,<\/p><p>\u00c0 l&rsquo;occasion de la braderie des commer\u00e7ants, La Ducasse a le plaisir de vous accueillir pour f\u00eater l&rsquo;\u00e9v\u00e9nement du vendredi 03 septembre \u00e0 partir de 12h jusqu&rsquo;au dimanche apr\u00e8s-midi. Les incontournables moules frites seront de la partie (moules marini\u00e8res, \u00e0 la cr\u00e8me et au maroilles) accompagn\u00e9es de frites et d&rsquo;une (ou multiples) bonnes bi\u00e8res, ainsi que l&rsquo;\u00e9nooooorme jambette brais\u00e9e !\u00a0<\/p><p>Nous vous attendons nombreux !\u00a0<\/p><p>La Ducasse\u00a0<\/p>\t\t\t\t\t\t\t\t<\/div>\n\t\t\t\t<\/div>\n\t\t\t\t<div class=\"elementor-element elementor-element-f2b4c47 jltma-glass-effect-no exad-sticky-section-no exad-glass-effect-no elementor-widget elementor-widget-image\" data-id=\"f2b4c47\" data-element_type=\"widget\" data-e-type=\"widget\" data-widget_type=\"image.default\">\n\t\t\t\t<div class=\"elementor-widget-container\">\n\t\t\t\t\t\t\t\t\t\t\t\t\t\t\t<img fetchpriority=\"high\" decoding=\"async\" width=\"750\" height=\"381\" src=\"https:\/\/laducasse.fr\/wp-content\/uploads\/2021\/07\/Laducasse-logov2NOIR-1024x520.png\" class=\"attachment-large size-large wp-image-3588\" alt=\"\" srcset=\"https:\/\/laducasse.fr\/wp-content\/uploads\/2021\/07\/Laducasse-logov2NOIR-1024x520.png 1024w, https:\/\/laducasse.fr\/wp-content\/uploads\/2021\/07\/Laducasse-logov2NOIR-300x152.png 300w, https:\/\/laducasse.fr\/wp-content\/uploads\/2021\/07\/Laducasse-logov2NOIR-768x390.png 768w, https:\/\/laducasse.fr\/wp-content\/uploads\/2021\/07\/Laducasse-logov2NOIR-1536x780.png 1536w, https:\/\/laducasse.fr\/wp-content\/uploads\/2021\/07\/Laducasse-logov2NOIR-1320x671.png 1320w, https:\/\/laducasse.fr\/wp-content\/uploads\/2021\/07\/Laducasse-logov2NOIR.png 1943w\" sizes=\"(max-width: 750px) 100vw, 750px\" \/>\t\t\t\t\t\t\t\t\t\t\t\t\t\t\t<\/div>\n\t\t\t\t<\/div>\n\t\t\t\t<div class=\"elementor-element elementor-element-0241d39 elementor-align-left jltma-glass-effect-no exad-sticky-section-no exad-glass-effect-no elementor-widget elementor-widget-button\" data-id=\"0241d39\" data-element_type=\"widget\" data-e-type=\"widget\" data-widget_type=\"button.default\">\n\t\t\t\t<div class=\"elementor-widget-container\">\n\t\t\t\t\t\t\t\t\t<div class=\"elementor-button-wrapper\">\n\t\t\t\t\t<a class=\"elementor-button elementor-button-link elementor-size-sm\" href=\"https:\/\/laducasse.fr\/actualites\/\">\n\t\t\t\t\t\t<span class=\"elementor-button-content-wrapper\">\n\t\t\t\t\t\t\t\t\t<span class=\"elementor-button-text\">Retour<\/span>\n\t\t\t\t\t<\/span>\n\t\t\t\t\t<\/a>\n\t\t\t\t<\/div>\n\t\t\t\t\t\t\t\t<\/div>\n\t\t\t\t<\/div>\n\t\t\t\t\t<\/div>\n\t\t<\/div>\n\t\t\t\t\t<\/div>\n\t\t<\/section>\n\t\t\t\t<\/div>\n\t\t","protected":false},"excerpt":{"rendered":"<p>El braderie d&rsquo;La Ducasse ! Bonjour \u00e0 tous, \u00c0 l&rsquo;occasion de la braderie des commer\u00e7ants, La Ducasse a le plaisir de vous accueillir pour f\u00eater l&rsquo;\u00e9v\u00e9nement du vendredi 03 septembre \u00e0 partir de 12h jusqu&rsquo;au dimanche apr\u00e8s-midi. Les incontournables moules frites seront de la partie (moules marini\u00e8res, \u00e0 la cr\u00e8me<\/p>\n","protected":false},"author":39,"featured_media":1704,"comment_status":"closed","ping_status":"open","sticky":false,"template":"","format":"standard","meta":{"footnotes":""},"categories":[1],"tags":[],"class_list":["post-3295","post","type-post","status-publish","format-standard","has-post-thumbnail","hentry","category-par-defaut"],"aioseo_notices":[],"_links":{"self":[{"href":"https:\/\/laducasse.fr\/nov-apijson\/wp\/v2\/posts\/3295","targetHints":{"allow":["GET"]}}],"collection":[{"href":"https:\/\/laducasse.fr\/nov-apijson\/wp\/v2\/posts"}],"about":[{"href":"https:\/\/laducasse.fr\/nov-apijson\/wp\/v2\/types\/post"}],"author":[{"embeddable":true,"href":"https:\/\/laducasse.fr\/nov-apijson\/wp\/v2\/users\/39"}],"replies":[{"embeddable":true,"href":"https:\/\/laducasse.fr\/nov-apijson\/wp\/v2\/comments?post=3295"}],"version-history":[{"count":0,"href":"https:\/\/laducasse.fr\/nov-apijson\/wp\/v2\/posts\/3295\/revisions"}],"wp:featuredmedia":[{"embeddable":true,"href":"https:\/\/laducasse.fr\/nov-apijson\/wp\/v2\/media\/1704"}],"wp:attachment":[{"href":"https:\/\/laducasse.fr\/nov-apijson\/wp\/v2\/media?parent=3295"}],"wp:term":[{"taxonomy":"category","embeddable":true,"href":"https:\/\/laducasse.fr\/nov-apijson\/wp\/v2\/categories?post=3295"},{"taxonomy":"post_tag","embeddable":true,"href":"https:\/\/laducasse.fr\/nov-apijson\/wp\/v2\/tags?post=3295"}],"curies":[{"name":"wp","href":"https:\/\/api.w.org\/{rel}","templated":true}]}}